{"id":11476,"date":"2015-08-17T12:17:51","date_gmt":"2015-08-17T12:17:51","guid":{"rendered":"http:\/\/bernardoerlich.com\/?p=11476"},"modified":"2015-08-17T12:20:48","modified_gmt":"2015-08-17T12:20:48","slug":"monologo-del-procer","status":"publish","type":"post","link":"https:\/\/bernardoerlich.com\/?p=11476","title":{"rendered":"Mon\u00f3logo del pr\u00f3cer"},"content":{"rendered":"<p>Tira y Afloja, Clar\u00edn, 17 de agosto de 2015.<\/p>\n","protected":false},"excerpt":{"rendered":"<p>Tira y Afloja, Clar\u00edn, 17 de agosto de 2015.<\/p>\n","protected":false},"author":4,"featured_media":11477,"comment_status":"closed","ping_status":"open","sticky":false,"template":"","format":"standard","meta":[],"categories":[9],"tags":[],"_links":{"self":[{"href":"https:\/\/bernardoerlich.com\/index.php?rest_route=\/wp\/v2\/posts\/11476"}],"collection":[{"href":"https:\/\/bernardoerlich.com\/index.php?rest_route=\/wp\/v2\/posts"}],"about":[{"href":"https:\/\/bernardoerlich.com\/index.php?rest_route=\/wp\/v2\/types\/post"}],"author":[{"embeddable":true,"href":"https:\/\/bernardoerlich.com\/index.php?rest_route=\/wp\/v2\/users\/4"}],"replies":[{"embeddable":true,"href":"https:\/\/bernardoerlich.com\/index.php?rest_route=%2Fwp%2Fv2%2Fcomments&post=11476"}],"version-history":[{"count":0,"href":"https:\/\/bernardoerlich.com\/index.php?rest_route=\/wp\/v2\/posts\/11476\/revisions"}],"wp:featuredmedia":[{"embeddable":true,"href":"https:\/\/bernardoerlich.com\/index.php?rest_route=\/wp\/v2\/media\/11477"}],"wp:attachment":[{"href":"https:\/\/bernardoerlich.com\/index.php?rest_route=%2Fwp%2Fv2%2Fmedia&parent=11476"}],"wp:term":[{"taxonomy":"category","embeddable":true,"href":"https:\/\/bernardoerlich.com\/index.php?rest_route=%2Fwp%2Fv2%2Fcategories&post=11476"},{"taxonomy":"post_tag","embeddable":true,"href":"https:\/\/bernardoerlich.com\/index.php?rest_route=%2Fwp%2Fv2%2Ftags&post=11476"}],"curies":[{"name":"wp","href":"https:\/\/api.w.org\/{rel}","templated":true}]}}